{"id":506,"date":"2019-02-27T13:01:56","date_gmt":"2019-02-27T11:01:56","guid":{"rendered":"http:\/\/www.alhambragranada.info\/blog\/?p=506"},"modified":"2019-02-27T13:11:44","modified_gmt":"2019-02-27T11:11:44","slug":"la-alhambra-bate-su-record-de-visitantes-en-2018","status":"publish","type":"post","link":"https:\/\/www.alhambragranada.info\/blog\/la-alhambra-bate-su-record-de-visitantes-en-2018\/","title":{"rendered":"La Alhambra bate su r\u00e9cord de visitantes en 2018"},"content":{"rendered":"<h4 class=\"subtitulo\">El monumento registra en 2018 a m\u00e1s de 2.760.000 personas<\/h4>\n<p style=\"text-align: justify;\">El n\u00famero de visitantes a la\u00a0Alhambra\u00a0ascendi\u00f3 a 2.760.000 en el a\u00f1o 2018, lo que supone un incremento de 60.000 personas con respecto al\u00a0a\u00f1o anterior, seg\u00fan los datos recogidos por la Estad\u00edstica de la Red de Espacios Culturales de Andaluc\u00eda. As\u00ed, el\u00a0monumento\u00a0se mantiene como uno de los m\u00e1s concurridos de Espa\u00f1a.<\/p>\n<p style=\"text-align: justify;\">En concreto, la cifra con la que el\u00a0Patronato de la Alhambra y el Generalife\u00a0ha cerrado el a\u00f1o es de\u00a02.766.887 visitantes\u00a0frente a los 2.704.930 registrados a lo largo de 2017, seg\u00fan los datos consultados por la agencia Europa Press. Agosto fue el mes con mayor n\u00famero de visitantes, 280.541, mientras que el m\u00ednimo se registr\u00f3 en enero, con 155.877.<\/p>\n<p style=\"text-align: center;\"><img loading=\"lazy\" decoding=\"async\" class=\"alignnone size-full wp-image-508\" src=\"https:\/\/www.alhambragranada.info\/blog\/wp-content\/uploads\/2019\/02\/27116359349_5231b76189_o.jpg\" alt=\"27116359349_5231b76189_o\" width=\"8301\" height=\"2223\" srcset=\"https:\/\/www.alhambragranada.info\/blog\/wp-content\/uploads\/2019\/02\/27116359349_5231b76189_o.jpg 8301w, https:\/\/www.alhambragranada.info\/blog\/wp-content\/uploads\/2019\/02\/27116359349_5231b76189_o-300x80.jpg 300w, https:\/\/www.alhambragranada.info\/blog\/wp-content\/uploads\/2019\/02\/27116359349_5231b76189_o-768x206.jpg 768w, https:\/\/www.alhambragranada.info\/blog\/wp-content\/uploads\/2019\/02\/27116359349_5231b76189_o-1024x274.jpg 1024w\" sizes=\"auto, (max-width: 8301px) 100vw, 8301px\" \/><\/p>\n<p style=\"text-align: justify;\">\n","protected":false},"excerpt":{"rendered":"<p>El monumento registra en 2018 a m\u00e1s de 2.760.000 personas El n\u00famero de visitantes a la\u00a0Alhambra\u00a0ascendi\u00f3 a 2.760.000 en el a\u00f1o 2018, lo que supone un incremento de 60.000 personas con respecto al\u00a0a\u00f1o anterior, seg\u00fan los datos recogidos por la Estad\u00edstica de la Red de Espacios Culturales de Andaluc\u00eda. As\u00ed, el\u00a0monumento\u00a0se mantiene como uno de [&hellip;]<\/p>\n","protected":false},"author":2,"featured_media":507,"comment_status":"open","ping_status":"open","sticky":false,"template":"","format":"image","meta":{"footnotes":""},"categories":[16],"tags":[24,25,28,26,27],"class_list":["post-506","post","type-post","status-publish","format-image","has-post-thumbnail","hentry","category-alhambra-de-granada","tag-alhambra","tag-generalife","tag-incremento","tag-record","tag-visitantes","post_format-post-format-image"],"aioseo_notices":[],"_links":{"self":[{"href":"https:\/\/www.alhambragranada.info\/blog\/wp-json\/wp\/v2\/posts\/506","targetHints":{"allow":["GET"]}}],"collection":[{"href":"https:\/\/www.alhambragranada.info\/blog\/wp-json\/wp\/v2\/posts"}],"about":[{"href":"https:\/\/www.alhambragranada.info\/blog\/wp-json\/wp\/v2\/types\/post"}],"author":[{"embeddable":true,"href":"https:\/\/www.alhambragranada.info\/blog\/wp-json\/wp\/v2\/users\/2"}],"replies":[{"embeddable":true,"href":"https:\/\/www.alhambragranada.info\/blog\/wp-json\/wp\/v2\/comments?post=506"}],"version-history":[{"count":1,"href":"https:\/\/www.alhambragranada.info\/blog\/wp-json\/wp\/v2\/posts\/506\/revisions"}],"predecessor-version":[{"id":509,"href":"https:\/\/www.alhambragranada.info\/blog\/wp-json\/wp\/v2\/posts\/506\/revisions\/509"}],"wp:featuredmedia":[{"embeddable":true,"href":"https:\/\/www.alhambragranada.info\/blog\/wp-json\/wp\/v2\/media\/507"}],"wp:attachment":[{"href":"https:\/\/www.alhambragranada.info\/blog\/wp-json\/wp\/v2\/media?parent=506"}],"wp:term":[{"taxonomy":"category","embeddable":true,"href":"https:\/\/www.alhambragranada.info\/blog\/wp-json\/wp\/v2\/categories?post=506"},{"taxonomy":"post_tag","embeddable":true,"href":"https:\/\/www.alhambragranada.info\/blog\/wp-json\/wp\/v2\/tags?post=506"}],"curies":[{"name":"wp","href":"https:\/\/api.w.org\/{rel}","templated":true}]}}